{"id":111771,"date":"2025-09-08T10:02:09","date_gmt":"2025-09-08T08:02:09","guid":{"rendered":"https:\/\/tadaaz.fr\/blog\/?p=111771"},"modified":"2025-09-08T10:02:13","modified_gmt":"2025-09-08T08:02:13","slug":"quoi-acheter-pour-la-rentree-en-maternelle-guide","status":"publish","type":"post","link":"https:\/\/tadaaz.be\/blog\/be-FR\/naissance-be-fr\/quoi-acheter-pour-la-rentree-en-maternelle-guide\/","title":{"rendered":"Quoi acheter pour la rentr\u00e9e en maternelle ? Notre guide complet !"},"content":{"rendered":"\n<p>Votre <a href=\"\/fr\/naissance\">petit bout de chou<\/a> int\u00e8gre bient\u00f4t l\u2019\u00e9cole maternelle ? Nous vous proposons un guide pour pr\u00e9parer la rentr\u00e9e :&nbsp;<\/p>\n\n\n\n<ul class=\"wp-block-list\">\n<li>en petite section : avec le sac \u00e0 dos \u00e0 pr\u00e9voir et les affaires indispensables ;<\/li>\n\n\n\n<li>en grande section : les <a href=\"\/fr\/cadeau-personnalise\/rentree-scolaire\">fournitures scolaires <\/a>et autres affaires personnelles ;<\/li>\n\n\n\n<li>pr\u00e9parer psychologique votre enfant \u00e0 ce lieu inconnu.<\/li>\n<\/ul>\n\n\n\n<figure class=\"wp-block-image size-full\"><img loading=\"lazy\" decoding=\"async\" width=\"1024\" height=\"768\" src=\"https:\/\/tadaaz.fr\/blog\/wp-content\/uploads\/2025\/09\/quoi-acheter-pour-la-rentree-en-maternelle.png\" alt=\"quoi acheter pour la rentr\u00e9e en maternelle\" class=\"wp-image-110897\" srcset=\"https:\/\/tadaaz.be\/blog\/wp-content\/uploads\/2025\/09\/quoi-acheter-pour-la-rentree-en-maternelle.png 1024w, https:\/\/tadaaz.be\/blog\/wp-content\/uploads\/2025\/09\/quoi-acheter-pour-la-rentree-en-maternelle-300x225.png 300w, https:\/\/tadaaz.be\/blog\/wp-content\/uploads\/2025\/09\/quoi-acheter-pour-la-rentree-en-maternelle-768x576.png 768w, https:\/\/tadaaz.be\/blog\/wp-content\/uploads\/2025\/09\/quoi-acheter-pour-la-rentree-en-maternelle-100x75.png 100w\" sizes=\"auto, (max-width: 1024px) 100vw, 1024px\" \/><\/figure>\n\n\n\n<p>La premi\u00e8re rentr\u00e9e des classes repr\u00e9sente souvent une angoisse pour les parents. Vous devez vous montrer organis\u00e9 et surtout pas angoiss\u00e9 pour <strong>faciliter cette \u00e9tape<\/strong>. Lisez la suite pour d\u00e9couvrir un guide complet des <a href=\"\/fr\/cadeau-personnalise\/rentree-scolaire\">affaires \u00e0 acheter<\/a> pour la rentr\u00e9e des classes de votre bout de chou.<\/p>\n\n\n\n<h2 class=\"wp-block-heading\">Pr\u00e9parer la premi\u00e8re rentr\u00e9e en maternelle de votre enfant<\/h2>\n\n\n\n<p>Le jour J. approche et votre enfant va bient\u00f4t vivre \u201cmon premier jour en ps\u201d. La petite section accueille les tous petits \u00e0 partir de 2 ans et int\u00e8gre votre enfant petit \u00e0 petit au milieu scolaire. Quelles sont<strong> les affaires \u00e0 acheter pour sa premi\u00e8re ann\u00e9e <\/strong>en \u00e9cole maternelle\u202f?<\/p>\n\n\n\n<h3 class=\"wp-block-heading\">Trouver un petit sac \u00e0 dos pour votre enfant<\/h3>\n\n\n\n<p>Il faut choisir un petit sac avec votre fils ou votre fille. <strong>Un sac mignon<\/strong> qui lui pla\u00eet est une bonne id\u00e9e pour motiver et rassurer un petit. Des sacs animaux ou avec leurs h\u00e9ros pr\u00e9f\u00e9r\u00e9s sont tr\u00e8s appr\u00e9ci\u00e9s.&nbsp;<\/p>\n\n\n\n<p>Lorsque le sac parfait sera choisi, il ne faudra pas oublier d\u2019ajouter <strong>une \u00e9tiquette \u00e0 l\u2019int\u00e9rieur du sac <\/strong>avec le nom et le pr\u00e9nom de votre enfant pour \u00e9viter de le perdre. Vous pouvez aussi simplement<a href=\"\/fr\/cadeau-personnalise\/broderie\"> personnaliser le sac \u00e0 dos<\/a> !<\/p>\n\n\n\n<figure class=\"wp-block-image size-full is-resized\"><img loading=\"lazy\" decoding=\"async\" width=\"1024\" height=\"768\" src=\"https:\/\/tadaaz.fr\/blog\/wp-content\/uploads\/2025\/09\/liste-fourniture-creche.png\" alt=\"liste fourniture cr\u00e8che\" class=\"wp-image-110872\" style=\"width:1000px;height:auto\" srcset=\"https:\/\/tadaaz.be\/blog\/wp-content\/uploads\/2025\/09\/liste-fourniture-creche.png 1024w, https:\/\/tadaaz.be\/blog\/wp-content\/uploads\/2025\/09\/liste-fourniture-creche-300x225.png 300w, https:\/\/tadaaz.be\/blog\/wp-content\/uploads\/2025\/09\/liste-fourniture-creche-768x576.png 768w, https:\/\/tadaaz.be\/blog\/wp-content\/uploads\/2025\/09\/liste-fourniture-creche-100x75.png 100w\" sizes=\"auto, (max-width: 1024px) 100vw, 1024px\" \/><\/figure>\n\n\n\n<h3 class=\"wp-block-heading\">Quelles affaires mettre dans ce sac \u00e0 dos ?<\/h3>\n\n\n\n<p>Pour organiser le <strong>sac de change<\/strong> maternelle en premi\u00e8re section, il faut pr\u00e9voir :&nbsp;<\/p>\n\n\n\n<ul class=\"wp-block-list\">\n<li>une tenue de rechange ;<\/li>\n\n\n\n<li>le doudou ;<\/li>\n\n\n\n<li>un biberon ou un gobelet ;<\/li>\n\n\n\n<li>un bavoir ;<\/li>\n\n\n\n<li>des mouchoirs ;<\/li>\n\n\n\n<li>des lingettes ;<\/li>\n\n\n\n<li>des couches si votre enfant en porte et une cr\u00e8me de change.<\/li>\n<\/ul>\n\n\n\n<p>Parmi les affaires que vous devriez certainement acheter, il y a :&nbsp;<\/p>\n\n\n\n<ul class=\"wp-block-list\">\n<li><strong>une bo\u00eete \u00e0 go\u00fbter\u202f;<\/strong><\/li>\n\n\n\n<li><strong>un petit tablier <\/strong>(pour la peinture et les autres activit\u00e9s manuelles).<\/li>\n<\/ul>\n\n\n\n<p>Selon l\u2019\u00e9cole, il faudra parfois pr\u00e9voir de r<strong>apporter du linge de lit pour la sieste<\/strong> et le repas s\u2019il n\u2019y a pas de cantine.<\/p>\n\n\n\n<p>Notez le pr\u00e9nom et le nom de votre enfant est requis pour qu\u2019il puisse facilement retrouver ses affaires.<\/p>\n\n\n<div class=\"tdz-productgrid\" data-id=\"699\" style=\"--tdz-grid-cols: 3;\"><div class=\"tdz-productgrid-block wp-block-column product-card\" data-sku=\"TA14852-2500001-02\"><a href=\"https:\/\/tadaaz.be\/fr\/p\/TA14852-2500001-02\/sac-a-dos-teddy-prenom-brode-beige\"><picture data-alt=\"Sac \u00e0 dos teddy pr\u00e9nom brod\u00e9 beige\"><source media=\"(min-width: 960px)\" srcset=\"https:\/\/static.tadaaz.be\/api\/2\/img\/tadprod\/TA14852-2500001-02\/sac-a-dos-teddy-prenom-brode-beige-TA14852-2500001-02-1.jpg\/fit?size=404x404&#038;auth=MjIwNzUzNzIxMg__\"><source media=\"(min-width: 600px) and (max-width: 959px)\" srcset=\"https:\/\/static.tadaaz.be\/api\/2\/img\/tadprod\/TA14852-2500001-02\/sac-a-dos-teddy-prenom-brode-beige-TA14852-2500001-02-1.jpg\/fit?size=298x298&#038;auth=MjIwNzUzNzIxMg__\"><source media=\"(min-width: 0) and (max-width: 599px)\" srcset=\"https:\/\/static.tadaaz.be\/api\/2\/img\/tadprod\/TA14852-2500001-02\/sac-a-dos-teddy-prenom-brode-beige-TA14852-2500001-02-1.jpg\/fit?size=291x291&#038;auth=MjIwNzUzNzIxMg__\"><img decoding=\"async\" src=\"https:\/\/static.tadaaz.be\/api\/2\/img\/tadprod\/TA14852-2500001-02\/sac-a-dos-teddy-prenom-brode-beige-TA14852-2500001-02-1.jpg\/fit?size=291x291&#038;auth=MjIwNzUzNzIxMg__\" alt=\"Sac \u00e0 dos teddy pr\u00e9nom brod\u00e9 beige\" width=\"291\" height=\"291\" loading=\"lazy\" style=\"max-width:100%; height:auto;\"><\/picture><div class=\"product-info\"><p>Sac \u00e0 dos teddy pr\u00e9nom brod\u00e9 beige<\/p><\/div><\/a><\/div>\n<div class=\"tdz-productgrid-block wp-block-column product-card\" data-sku=\"TA14943-2200005-02\"><a href=\"https:\/\/tadaaz.be\/fr\/p\/TA14943-2200005-02\/sac-cordon-enfant-personnalise-ocean\"><picture data-alt=\"Sac cordon enfant personnalis\u00e9 oc\u00e9an\"><source media=\"(min-width: 960px)\" srcset=\"https:\/\/static.tadaaz.be\/api\/2\/img\/tadprod\/TA14943-2200005-02\/sac-cordon-enfant-personnalise-ocean-TA14943-2200005-02-1.jpg\/fit?size=404x404&#038;auth=MjIwNzUzNzIxMg__\"><source media=\"(min-width: 600px) and (max-width: 959px)\" srcset=\"https:\/\/static.tadaaz.be\/api\/2\/img\/tadprod\/TA14943-2200005-02\/sac-cordon-enfant-personnalise-ocean-TA14943-2200005-02-1.jpg\/fit?size=298x298&#038;auth=MjIwNzUzNzIxMg__\"><source media=\"(min-width: 0) and (max-width: 599px)\" srcset=\"https:\/\/static.tadaaz.be\/api\/2\/img\/tadprod\/TA14943-2200005-02\/sac-cordon-enfant-personnalise-ocean-TA14943-2200005-02-1.jpg\/fit?size=291x291&#038;auth=MjIwNzUzNzIxMg__\"><img decoding=\"async\" src=\"https:\/\/static.tadaaz.be\/api\/2\/img\/tadprod\/TA14943-2200005-02\/sac-cordon-enfant-personnalise-ocean-TA14943-2200005-02-1.jpg\/fit?size=291x291&#038;auth=MjIwNzUzNzIxMg__\" alt=\"Sac cordon enfant personnalis\u00e9 oc\u00e9an\" width=\"291\" height=\"291\" loading=\"lazy\" style=\"max-width:100%; height:auto;\"><\/picture><div class=\"product-info\"><p>Sac cordon enfant personnalis\u00e9 oc\u00e9an<\/p><\/div><\/a><\/div>\n<div class=\"tdz-productgrid-block wp-block-column product-card\" data-sku=\"TA14852-2500002-02\"><a href=\"https:\/\/tadaaz.be\/fr\/p\/TA14852-2500002-02\/sac-a-dos-teddy-prenom-brode-marron\"><picture data-alt=\"Sac \u00e0 dos teddy pr\u00e9nom brod\u00e9 marron\"><source media=\"(min-width: 960px)\" srcset=\"https:\/\/static.tadaaz.be\/api\/2\/img\/tadprod\/TA14852-2500002-02\/sac-a-dos-teddy-prenom-brode-marron-TA14852-2500002-02-1.jpg\/fit?size=404x404&#038;auth=MjIwNzUzNzIxMg__\"><source media=\"(min-width: 600px) and (max-width: 959px)\" srcset=\"https:\/\/static.tadaaz.be\/api\/2\/img\/tadprod\/TA14852-2500002-02\/sac-a-dos-teddy-prenom-brode-marron-TA14852-2500002-02-1.jpg\/fit?size=298x298&#038;auth=MjIwNzUzNzIxMg__\"><source media=\"(min-width: 0) and (max-width: 599px)\" srcset=\"https:\/\/static.tadaaz.be\/api\/2\/img\/tadprod\/TA14852-2500002-02\/sac-a-dos-teddy-prenom-brode-marron-TA14852-2500002-02-1.jpg\/fit?size=291x291&#038;auth=MjIwNzUzNzIxMg__\"><img decoding=\"async\" src=\"https:\/\/static.tadaaz.be\/api\/2\/img\/tadprod\/TA14852-2500002-02\/sac-a-dos-teddy-prenom-brode-marron-TA14852-2500002-02-1.jpg\/fit?size=291x291&#038;auth=MjIwNzUzNzIxMg__\" alt=\"Sac \u00e0 dos teddy pr\u00e9nom brod\u00e9 marron\" width=\"291\" height=\"291\" loading=\"lazy\" style=\"max-width:100%; height:auto;\"><\/picture><div class=\"product-info\"><p>Sac \u00e0 dos teddy pr\u00e9nom brod\u00e9 marron<\/p><\/div><\/a><\/div>\n<div class=\"tdz-productgrid-block wp-block-column product-card\" data-sku=\"TA14828-2200002-02\"><a href=\"https:\/\/tadaaz.be\/fr\/p\/TA14828-2200002-02\/bouteille-isotherme-champs-de-fleurs\"><picture data-alt=\"Bouteille isotherme champs de fleurs\"><source media=\"(min-width: 960px)\" srcset=\"https:\/\/static.tadaaz.be\/api\/2\/img\/tadprod\/TA14828-2200002-02\/bouteille-isotherme-champs-de-fleurs-TA14828-2200002-02-1.jpg\/fit?size=404x404&#038;auth=MjIwNzUzNzIxMg__\"><source media=\"(min-width: 600px) and (max-width: 959px)\" srcset=\"https:\/\/static.tadaaz.be\/api\/2\/img\/tadprod\/TA14828-2200002-02\/bouteille-isotherme-champs-de-fleurs-TA14828-2200002-02-1.jpg\/fit?size=298x298&#038;auth=MjIwNzUzNzIxMg__\"><source media=\"(min-width: 0) and (max-width: 599px)\" srcset=\"https:\/\/static.tadaaz.be\/api\/2\/img\/tadprod\/TA14828-2200002-02\/bouteille-isotherme-champs-de-fleurs-TA14828-2200002-02-1.jpg\/fit?size=291x291&#038;auth=MjIwNzUzNzIxMg__\"><img decoding=\"async\" src=\"https:\/\/static.tadaaz.be\/api\/2\/img\/tadprod\/TA14828-2200002-02\/bouteille-isotherme-champs-de-fleurs-TA14828-2200002-02-1.jpg\/fit?size=291x291&#038;auth=MjIwNzUzNzIxMg__\" alt=\"Bouteille isotherme champs de fleurs\" width=\"291\" height=\"291\" loading=\"lazy\" style=\"max-width:100%; height:auto;\"><\/picture><div class=\"product-info\"><p>Bouteille isotherme champs de fleurs<\/p><\/div><\/a><\/div>\n<div class=\"tdz-productgrid-block wp-block-column product-card\" data-sku=\"TA14977-2100003-02\"><a href=\"https:\/\/tadaaz.be\/fr\/p\/TA14977-2100003-02\/bloc-note-personnalise-initiale-fleurie\"><picture data-alt=\"Bloc note personnalis\u00e9 initiale fleurie\"><source media=\"(min-width: 960px)\" srcset=\"https:\/\/static.tadaaz.be\/api\/2\/img\/tadprod\/TA14977-2100003-02\/bloc-note-personnalise-initiale-fleurie-TA14977-2100003-02-1.jpg\/fit?size=404x404&#038;auth=MjIwNzUzNzIxMg__\"><source media=\"(min-width: 600px) and (max-width: 959px)\" srcset=\"https:\/\/static.tadaaz.be\/api\/2\/img\/tadprod\/TA14977-2100003-02\/bloc-note-personnalise-initiale-fleurie-TA14977-2100003-02-1.jpg\/fit?size=298x298&#038;auth=MjIwNzUzNzIxMg__\"><source media=\"(min-width: 0) and (max-width: 599px)\" srcset=\"https:\/\/static.tadaaz.be\/api\/2\/img\/tadprod\/TA14977-2100003-02\/bloc-note-personnalise-initiale-fleurie-TA14977-2100003-02-1.jpg\/fit?size=291x291&#038;auth=MjIwNzUzNzIxMg__\"><img decoding=\"async\" src=\"https:\/\/static.tadaaz.be\/api\/2\/img\/tadprod\/TA14977-2100003-02\/bloc-note-personnalise-initiale-fleurie-TA14977-2100003-02-1.jpg\/fit?size=291x291&#038;auth=MjIwNzUzNzIxMg__\" alt=\"Bloc note personnalis\u00e9 initiale fleurie\" width=\"291\" height=\"291\" loading=\"lazy\" style=\"max-width:100%; height:auto;\"><\/picture><div class=\"product-info\"><p>Bloc note personnalis\u00e9 initiale fleurie<\/p><\/div><\/a><\/div>\n<div class=\"tdz-productgrid-block wp-block-column product-card\" data-sku=\"TA14943-2400005-02\"><a href=\"https:\/\/tadaaz.be\/fr\/p\/TA14943-2400005-02\/trousse-personnalisee-prenom-colore\"><picture data-alt=\"Trousse personnalis\u00e9e pr\u00e9nom color\u00e9\"><source media=\"(min-width: 960px)\" srcset=\"https:\/\/static.tadaaz.be\/api\/2\/img\/tadprod\/TA14943-2400005-02\/trousse-personnalisee-prenom-colore-TA14943-2400005-02-1.jpg\/fit?size=404x404&#038;auth=MjIwNzUzNzIxMg__\"><source media=\"(min-width: 600px) and (max-width: 959px)\" srcset=\"https:\/\/static.tadaaz.be\/api\/2\/img\/tadprod\/TA14943-2400005-02\/trousse-personnalisee-prenom-colore-TA14943-2400005-02-1.jpg\/fit?size=298x298&#038;auth=MjIwNzUzNzIxMg__\"><source media=\"(min-width: 0) and (max-width: 599px)\" srcset=\"https:\/\/static.tadaaz.be\/api\/2\/img\/tadprod\/TA14943-2400005-02\/trousse-personnalisee-prenom-colore-TA14943-2400005-02-1.jpg\/fit?size=291x291&#038;auth=MjIwNzUzNzIxMg__\"><img decoding=\"async\" src=\"https:\/\/static.tadaaz.be\/api\/2\/img\/tadprod\/TA14943-2400005-02\/trousse-personnalisee-prenom-colore-TA14943-2400005-02-1.jpg\/fit?size=291x291&#038;auth=MjIwNzUzNzIxMg__\" alt=\"Trousse personnalis\u00e9e pr\u00e9nom color\u00e9\" width=\"291\" height=\"291\" loading=\"lazy\" style=\"max-width:100%; height:auto;\"><\/picture><div class=\"product-info\"><p>Trousse personnalis\u00e9e pr\u00e9nom color\u00e9<\/p><\/div><\/a><\/div>\n<\/div>\n\n\n\n\n  <!-- wp:buttons -->\n  <div class=\"wp-block-buttons\">\n    <!-- wp:button {\"backgroundColor\":\"palette-color-1\",\"className\":\"is-style-fill\"} -->\n    <div class=\"wp-block-button is-style-fill\"><a class=\"wp-block-button__link has-background\" href=\"https:\/\/tadaaz.be\/fr\/cadeau-personnalise\/rentree-scolaire\">Toutes les fournitures scolaires <\/a><\/div>\n    <!-- \/wp:button -->\n  <\/div>\n  <!-- \/wp:buttons -->\n\n\n\n<h2 class=\"wp-block-heading\">La rentr\u00e9e en grande section, une pr\u00e9paration plus importante&nbsp;<\/h2>\n\n\n\n<p>Votre enfant est plus grand, il est peut-\u00eatre m\u00eame d\u00e9j\u00e0 propre et n\u2019a plus besoin de couches. <strong>Quelques<a href=\"\/fr\/cadeau-personnalise\/rentree-scolaire\"> fournitures scolaires <\/a>suppl\u00e9mentaires<\/strong> seront certainement demand\u00e9es.<\/p>\n\n\n\n<h3 class=\"wp-block-heading\">Fourniture scolaire pour la grande section<\/h3>\n\n\n\n<p>Les parents doivent souvent r\u00e9aliser plusieurs achats lorsque l\u2019enfant a entre 4 et 5 ans. Nous vous partageons une liste non exhaustive de fournitures scolaires. En effet<strong>, cette liste peut varier selon l\u2019\u00e9cole<\/strong>. Pas de panique, le ma\u00eetre ou la ma\u00eetresse partage souvent une liste pr\u00e9cise quelques semaines avant la rentr\u00e9e.&nbsp;<\/p>\n\n\n\n<p>Il est recommand\u00e9 de pr\u00e9voir dans le sac :&nbsp;<\/p>\n\n\n\n<ul class=\"wp-block-list\">\n<li>un petit tablier ;<\/li>\n\n\n\n<li>une ardoise avec un feutre adapt\u00e9 et un effaceur ;<\/li>\n\n\n\n<li><strong>un porte-vue et\/ou un grand classeur\u202f;<\/strong><\/li>\n\n\n\n<li><strong>une petite trousse <\/strong>avec un crayon gris, un taille-crayon, une gomme, un tube de colle, un ciseau \u00e0 bouts ronds et un stylo bic ;<\/li>\n\n\n\n<li><strong>une pochette de feutres ou de crayons de couleurs<\/strong> (une fois de plus, tout d\u00e9pend les besoins du ma\u00eetre ou de la ma\u00eetresse).<\/li>\n<\/ul>\n\n\n\n<p>En plus de ces produits pour r\u00e9aliser les exercices pratiques et les activit\u00e9s manuelles, votre enfant devra pr\u00e9voir des affaires plus personnelles.<\/p>\n\n\n\n<h3 class=\"wp-block-heading\">Les indispensables \u00e0 toujours amener \u00e0 l\u2019\u00e9cole maternelle<\/h3>\n\n\n\n<p>Un sac de change reste aussi souvent indispensable en maternelle. Les petits accidents sont vite arriv\u00e9s, il est donc pr\u00e9f\u00e9rable que votre enfant ait dans son sac<strong> une tenue de rechange en fonction de la saison <\/strong>ainsi que des lingettes et des mouchoirs. Son doudou n\u2019est pas oubli\u00e9. Nous vous recommandons la m\u00eame peluche en double pour qu\u2019il y ait toujours une peluche dans le sac. Cela \u00e9vite les oublis et les moments stressants pour votre enfant.<\/p>\n\n\n\n<h2 class=\"wp-block-heading\">Mon premier jour en petite section : pr\u00e9parer psychologiquement votre enfant<\/h2>\n\n\n\n<p>Les enfants sont attach\u00e9s \u00e0 leurs parents. Ainsi, \u00eatre s\u00e9par\u00e9s et arriver dans un nouveau lieu peut \u00eatre un moment particuli\u00e8rement stressant. Il est pr\u00e9f\u00e9rable de <strong>pr\u00e9parer votre bout de chou \u00e0 cette rentr\u00e9e<\/strong>.<\/p>\n\n\n\n<h3 class=\"wp-block-heading\">Discuter de l\u2019\u00e9cole \u00e0 votre enfant plusieurs semaines avant la rentr\u00e9e<\/h3>\n\n\n\n<p>Parlez de ce nouvel environnement deux \u00e0 trois semaines avant la rentr\u00e9e. \u00c9voquez le nom de son \u00e9cole, de son professeur et<strong> les activit\u00e9s qu\u2019il ou elle fera en classe<\/strong>. Cela l\u2019aidera \u00e0 se projeter et \u00e0 imaginer son quotidien sans pression.<\/p>\n\n\n\n<h3 class=\"wp-block-heading\">La journ\u00e9e portes ouvertes peut aussi aider votre enfant<\/h3>\n\n\n\n<p>Certaines \u00e9coles proposent d\u2019accueillir les parents et les enfants dans un contexte convivial. C\u2019est le moment de rencontrer la ma\u00eetresse ou le ma\u00eetre pour<strong> cr\u00e9er un lien de confiance <\/strong>avec le petit.<\/p>\n\n\n\n<h3 class=\"wp-block-heading\">Pr\u00e9parer le pack rentr\u00e9e avec votre enfant<\/h3>\n\n\n\n<p>Inclure les enfants dans les pr\u00e9paratifs est une bonne id\u00e9e. Cela les motivera et rendra la rentr\u00e9e plus agr\u00e9able.<\/p>\n\n\n\n<p><\/p>\n","protected":false},"excerpt":{"rendered":"<p>Votre petit bout de chou int\u00e8gre bient\u00f4t l\u2019\u00e9cole maternelle ? Nous vous proposons un guide pour pr\u00e9parer la rentr\u00e9e :&nbsp; La premi\u00e8re rentr\u00e9e des classes repr\u00e9sente souvent une angoisse pour les parents. Vous devez vous montrer organis\u00e9 et surtout pas angoiss\u00e9 pour faciliter cette \u00e9tape. Lisez la suite pour d\u00e9couvrir un guide complet des affaires [&hellip;]<\/p>\n","protected":false},"author":71,"featured_media":111773,"comment_status":"open","ping_status":"open","sticky":false,"template":"","format":"standard","meta":{"product_relevance":0,"footnotes":""},"categories":[84],"tags":[],"class_list":["post-111771","post","type-post","status-publish","format-standard","has-post-thumbnail","hentry","category-naissance-be-fr"],"blocksy_meta":[],"yoast_head":"<!-- This site is optimized with the Yoast SEO plugin v26.7 - https:\/\/yoast.com\/wordpress\/plugins\/seo\/ -->\n<title>Quoi acheter pour la rentr\u00e9e en maternelle ? Notre guide complet ! - Tadaaz<\/title>\n<meta name=\"description\" content=\"Nos astuces pour savoir quoi acheter pour la rentr\u00e9e en maternelle et bien \u00e9quiper votre enfant !\" \/>\n<meta name=\"robots\" content=\"index, follow, max-snippet:-1, max-image-preview:large, max-video-preview:-1\" \/>\n<link rel=\"canonical\" href=\"https:\/\/tadaaz.be\/blog\/be-FR\/wp-json\/wp\/v2\/posts\/111771\" \/>\n<meta property=\"og:locale\" content=\"fr_FR\" \/>\n<meta property=\"og:type\" content=\"article\" \/>\n<meta property=\"og:title\" content=\"Quoi acheter pour la rentr\u00e9e en maternelle ? Notre guide complet ! - Tadaaz\" \/>\n<meta property=\"og:description\" content=\"Nos astuces pour savoir quoi acheter pour la rentr\u00e9e en maternelle et bien \u00e9quiper votre enfant !\" \/>\n<meta property=\"og:url\" content=\"https:\/\/tadaaz.be\/blog\/be-FR\/naissance-be-fr\/quoi-acheter-pour-la-rentree-en-maternelle-guide\/\" \/>\n<meta property=\"og:site_name\" content=\"Tadaaz\" \/>\n<meta property=\"article:published_time\" content=\"2025-09-08T08:02:09+00:00\" \/>\n<meta property=\"article:modified_time\" content=\"2025-09-08T08:02:13+00:00\" \/>\n<meta property=\"og:image\" content=\"https:\/\/tadaaz.be\/blog\/wp-content\/uploads\/2025\/09\/quoi-acheter-pour-la-rentree-en-maternelle-1.png\" \/>\n\t<meta property=\"og:image:width\" content=\"1024\" \/>\n\t<meta property=\"og:image:height\" content=\"768\" \/>\n\t<meta property=\"og:image:type\" content=\"image\/png\" \/>\n<meta name=\"author\" content=\"Oph\u00e9lie\" \/>\n<meta name=\"twitter:card\" content=\"summary_large_image\" \/>\n<meta name=\"twitter:label1\" content=\"\u00c9crit par\" \/>\n\t<meta name=\"twitter:data1\" content=\"Oph\u00e9lie\" \/>\n\t<meta name=\"twitter:label2\" content=\"Dur\u00e9e de lecture est.\" \/>\n\t<meta name=\"twitter:data2\" content=\"5 minutes\" \/>\n<!-- \/ Yoast SEO plugin. -->","yoast_head_json":{"title":"Quoi acheter pour la rentr\u00e9e en maternelle ? Notre guide complet ! - Tadaaz","description":"Nos astuces pour savoir quoi acheter pour la rentr\u00e9e en maternelle et bien \u00e9quiper votre enfant !","robots":{"index":"index","follow":"follow","max-snippet":"max-snippet:-1","max-image-preview":"max-image-preview:large","max-video-preview":"max-video-preview:-1"},"canonical":"https:\/\/tadaaz.be\/blog\/be-FR\/wp-json\/wp\/v2\/posts\/111771","og_locale":"fr_FR","og_type":"article","og_title":"Quoi acheter pour la rentr\u00e9e en maternelle ? Notre guide complet ! - Tadaaz","og_description":"Nos astuces pour savoir quoi acheter pour la rentr\u00e9e en maternelle et bien \u00e9quiper votre enfant !","og_url":"https:\/\/tadaaz.be\/blog\/be-FR\/naissance-be-fr\/quoi-acheter-pour-la-rentree-en-maternelle-guide\/","og_site_name":"Tadaaz","article_published_time":"2025-09-08T08:02:09+00:00","article_modified_time":"2025-09-08T08:02:13+00:00","og_image":[{"width":1024,"height":768,"url":"https:\/\/tadaaz.be\/blog\/wp-content\/uploads\/2025\/09\/quoi-acheter-pour-la-rentree-en-maternelle-1.png","type":"image\/png"}],"author":"Oph\u00e9lie","twitter_card":"summary_large_image","twitter_misc":{"\u00c9crit par":"Oph\u00e9lie","Dur\u00e9e de lecture est.":"5 minutes"},"schema":{"@context":"https:\/\/schema.org","@graph":[{"@type":"Article","@id":"https:\/\/tadaaz.be\/blog\/be-FR\/naissance-be-fr\/quoi-acheter-pour-la-rentree-en-maternelle-guide\/#article","isPartOf":{"@id":"https:\/\/tadaaz.be\/blog\/be-FR\/naissance-be-fr\/quoi-acheter-pour-la-rentree-en-maternelle-guide\/"},"author":{"name":"Oph\u00e9lie","@id":"https:\/\/tadaaz.nl\/blog\/nl\/#\/schema\/person\/7fc8bf2aef2c18dc9e01ee2464110310"},"headline":"Quoi acheter pour la rentr\u00e9e en maternelle ? Notre guide complet !","datePublished":"2025-09-08T08:02:09+00:00","dateModified":"2025-09-08T08:02:13+00:00","mainEntityOfPage":{"@id":"https:\/\/tadaaz.be\/blog\/be-FR\/naissance-be-fr\/quoi-acheter-pour-la-rentree-en-maternelle-guide\/"},"wordCount":908,"commentCount":0,"publisher":{"@id":"https:\/\/tadaaz.nl\/blog\/nl\/#organization"},"image":{"@id":"https:\/\/tadaaz.be\/blog\/be-FR\/naissance-be-fr\/quoi-acheter-pour-la-rentree-en-maternelle-guide\/#primaryimage"},"thumbnailUrl":"https:\/\/tadaaz.be\/blog\/wp-content\/uploads\/2025\/09\/quoi-acheter-pour-la-rentree-en-maternelle-1.png","articleSection":["Naissance"],"inLanguage":"fr-BE","potentialAction":[{"@type":"CommentAction","name":"Comment","target":["https:\/\/tadaaz.be\/blog\/be-FR\/naissance-be-fr\/quoi-acheter-pour-la-rentree-en-maternelle-guide\/#respond"]}]},{"@type":"WebPage","@id":"https:\/\/tadaaz.be\/blog\/be-FR\/naissance-be-fr\/quoi-acheter-pour-la-rentree-en-maternelle-guide\/","url":"https:\/\/tadaaz.be\/blog\/be-FR\/naissance-be-fr\/quoi-acheter-pour-la-rentree-en-maternelle-guide\/","name":"Quoi acheter pour la rentr\u00e9e en maternelle ? Notre guide complet ! - Tadaaz","isPartOf":{"@id":"https:\/\/tadaaz.nl\/blog\/nl\/#website"},"primaryImageOfPage":{"@id":"https:\/\/tadaaz.be\/blog\/be-FR\/naissance-be-fr\/quoi-acheter-pour-la-rentree-en-maternelle-guide\/#primaryimage"},"image":{"@id":"https:\/\/tadaaz.be\/blog\/be-FR\/naissance-be-fr\/quoi-acheter-pour-la-rentree-en-maternelle-guide\/#primaryimage"},"thumbnailUrl":"https:\/\/tadaaz.be\/blog\/wp-content\/uploads\/2025\/09\/quoi-acheter-pour-la-rentree-en-maternelle-1.png","datePublished":"2025-09-08T08:02:09+00:00","dateModified":"2025-09-08T08:02:13+00:00","description":"Nos astuces pour savoir quoi acheter pour la rentr\u00e9e en maternelle et bien \u00e9quiper votre enfant !","inLanguage":"fr-BE","potentialAction":[{"@type":"ReadAction","target":["https:\/\/tadaaz.be\/blog\/be-FR\/naissance-be-fr\/quoi-acheter-pour-la-rentree-en-maternelle-guide\/"]}]},{"@type":"ImageObject","inLanguage":"fr-BE","@id":"https:\/\/tadaaz.be\/blog\/be-FR\/naissance-be-fr\/quoi-acheter-pour-la-rentree-en-maternelle-guide\/#primaryimage","url":"https:\/\/tadaaz.be\/blog\/wp-content\/uploads\/2025\/09\/quoi-acheter-pour-la-rentree-en-maternelle-1.png","contentUrl":"https:\/\/tadaaz.be\/blog\/wp-content\/uploads\/2025\/09\/quoi-acheter-pour-la-rentree-en-maternelle-1.png","width":1024,"height":768,"caption":"quoi acheter pour la rentr\u00e9e en maternelle"},{"@type":"WebSite","@id":"https:\/\/tadaaz.nl\/blog\/nl\/#website","url":"https:\/\/tadaaz.nl\/blog\/nl\/","name":"Tadaaz","description":"","publisher":{"@id":"https:\/\/tadaaz.nl\/blog\/nl\/#organization"},"potentialAction":[{"@type":"SearchAction","target":{"@type":"EntryPoint","urlTemplate":"https:\/\/tadaaz.nl\/blog\/nl\/?s={search_term_string}"},"query-input":{"@type":"PropertyValueSpecification","valueRequired":true,"valueName":"search_term_string"}}],"inLanguage":"fr-BE"},{"@type":"Organization","@id":"https:\/\/tadaaz.nl\/blog\/nl\/#organization","name":"Tadaaz","url":"https:\/\/tadaaz.nl\/blog\/nl\/","logo":{"@type":"ImageObject","inLanguage":"fr-BE","@id":"https:\/\/tadaaz.nl\/blog\/nl\/#\/schema\/logo\/image\/","url":"https:\/\/tadaaz.be\/blog\/wp-content\/uploads\/2023\/02\/TADAAZ_LOGO_RGB_BLOG.svg","contentUrl":"https:\/\/tadaaz.be\/blog\/wp-content\/uploads\/2023\/02\/TADAAZ_LOGO_RGB_BLOG.svg","caption":"Tadaaz"},"image":{"@id":"https:\/\/tadaaz.nl\/blog\/nl\/#\/schema\/logo\/image\/"}},{"@type":"Person","@id":"https:\/\/tadaaz.nl\/blog\/nl\/#\/schema\/person\/7fc8bf2aef2c18dc9e01ee2464110310","name":"Oph\u00e9lie","image":{"@type":"ImageObject","inLanguage":"fr-BE","@id":"https:\/\/tadaaz.nl\/blog\/nl\/#\/schema\/person\/image\/","url":"https:\/\/secure.gravatar.com\/avatar\/8957dc3beaa757ec83f434f254937b463acb6491e2c36659b498317a84813a7c?s=96&d=mm&r=g","contentUrl":"https:\/\/secure.gravatar.com\/avatar\/8957dc3beaa757ec83f434f254937b463acb6491e2c36659b498317a84813a7c?s=96&d=mm&r=g","caption":"Oph\u00e9lie"},"description":"J\u2019\u00e9cris des articles pour vous aider dans l'organisation de vos \u00e9v\u00e9nements. Selon moi, la plus belle chose est de vous offrir des conseils inspirants et des id\u00e9es cr\u00e9atives qui vous aideront \u00e0 rendre vos moments uniques et \u00e0 votre go\u00fbt ! Mari\u00e9e depuis peu, je suis une personne organis\u00e9e, cr\u00e9ative, pleine d'\u00e9nergie et je suis l\u00e0 pour vous aider !","sameAs":["https:\/\/fr.linkedin.com\/in\/ophlie-esteves-neiva-a94256126"],"url":"https:\/\/tadaaz.be\/blog\/be-FR\/author\/ophelietadaaz-fr\/"}]}},"_links":{"self":[{"href":"https:\/\/tadaaz.be\/blog\/be-FR\/wp-json\/wp\/v2\/posts\/111771","targetHints":{"allow":["GET"]}}],"collection":[{"href":"https:\/\/tadaaz.be\/blog\/be-FR\/wp-json\/wp\/v2\/posts"}],"about":[{"href":"https:\/\/tadaaz.be\/blog\/be-FR\/wp-json\/wp\/v2\/types\/post"}],"author":[{"embeddable":true,"href":"https:\/\/tadaaz.be\/blog\/be-FR\/wp-json\/wp\/v2\/users\/71"}],"replies":[{"embeddable":true,"href":"https:\/\/tadaaz.be\/blog\/be-FR\/wp-json\/wp\/v2\/comments?post=111771"}],"version-history":[{"count":1,"href":"https:\/\/tadaaz.be\/blog\/be-FR\/wp-json\/wp\/v2\/posts\/111771\/revisions"}],"predecessor-version":[{"id":111772,"href":"https:\/\/tadaaz.be\/blog\/be-FR\/wp-json\/wp\/v2\/posts\/111771\/revisions\/111772"}],"wp:featuredmedia":[{"embeddable":true,"href":"https:\/\/tadaaz.be\/blog\/be-FR\/wp-json\/wp\/v2\/media\/111773"}],"wp:attachment":[{"href":"https:\/\/tadaaz.be\/blog\/be-FR\/wp-json\/wp\/v2\/media?parent=111771"}],"wp:term":[{"taxonomy":"category","embeddable":true,"href":"https:\/\/tadaaz.be\/blog\/be-FR\/wp-json\/wp\/v2\/categories?post=111771"},{"taxonomy":"post_tag","embeddable":true,"href":"https:\/\/tadaaz.be\/blog\/be-FR\/wp-json\/wp\/v2\/tags?post=111771"}],"curies":[{"name":"wp","href":"https:\/\/api.w.org\/{rel}","templated":true}]}}